{"id":35319,"date":"2024-03-21T16:11:18","date_gmt":"2024-03-21T15:11:18","guid":{"rendered":"https:\/\/blog.europ-assistance.be\/?p=35319"},"modified":"2024-03-26T10:00:19","modified_gmt":"2024-03-26T09:00:19","slug":"derde-mobiliteitsbarometer-europ-assistance-belgium","status":"publish","type":"post","link":"https:\/\/blog.europ-assistance.be\/nl\/derde-mobiliteitsbarometer-europ-assistance-belgium\/","title":{"rendered":"De derde Mobiliteitsbarometer van Europ Assistance"},"content":{"rendered":"<p><span style=\"color: #000080;\">Europ Assistance presenteert haar derde Mobiliteitsbarometer<\/span><\/p>\n<p><strong><em>&#8220;De Belgen ervaren nog steeds een aantal hindernissen en blijven terughoudend om de overstap te maken naar alternatieve mobiliteit, ondanks nieuwe stimulansen. &#8220;<\/em><\/strong><\/p>\n<p>Sinds de lancering van de eerste \u201cMobiliteitsbarometer\u201d in maart 2022 wil Europ Assistance Belgi\u00eb peilen naar de perceptie van de Belgen over duurzame mobiliteit en hun steun voor de overstap naar alternatieve transportmiddelen. Elk jaar verandert de houding van de bevolking in functie van de economische gebeurtenissen, de technologische vooruitgang en de initiatieven van de overheid. In welke mate hebben de Belgen hun percepties en voornemens veranderd sinds de laatste barometer?<\/p>\n<h1><strong>Hoe staan de Belgen tegenover de duurzame mobiliteit?<\/strong><\/h1>\n<h2><strong>Enkele resultaten in een notendop\u00a0<\/strong><\/h2>\n<ul>\n<li><strong>Slechts een kwart van de Belgen denkt dat de omschakeling naar 100% elektrische mobiliteit zal plaatsvinden tussen 2035 en 2024.<\/strong> Voor anderen zal de overgang slechts (veel) later plaatsvinden, of zelfs nooit.<\/li>\n<li>Voor 71% van de Belgen lijkt een <strong>leven zonder een auto <\/strong>voor dagelijkse verplaatsingen een onrealistische oplossing.<\/li>\n<li><strong>48% van de Belgen zegt dat hun volgende voertuig elektrisch zal zijn. <\/strong>Voor 22% zal dat \u201czeker niet\u201d het geval zijn. De energiecrisis heeft minder invloed op deze beslissing in vergelijking met vorig jaar.<\/li>\n<li>Net als in voorgaande jaren zijn aankoopprijzen en de wegeninfrastructuur <strong>hindernissen<\/strong> om een elektrische wagen te kopen. De schaarste aan laadpunten is een minder groot probleem geworden.<\/li>\n<li>Meer dan de helft van de Belgen is bereid om <strong>evenveel uit te geven<\/strong> voor een elektrisch voertuig als voor een voertuig met verbrandingsmotor, namelijk <strong>gemiddeld \u20ac32.500.<\/strong> Het idee om in 2024 een premie te krijgen voor de aankoop van een elektrisch voertuig kan de meerderheid van de Belgen echter niet overtuigen.<\/li>\n<li>44% van de Belgen verwacht <strong>de komende jaren een verslechtering van de mobiliteit in de stadscentra<\/strong>, ook al is 52% van mening dat de zachte mobiliteit in de steden verbeterd is dankzij de inrichting van openbare wegen.<\/li>\n<li>Er heerst nog steeds een sterk<strong> gevoel <\/strong>dat bepaalde zachte mobiliteitsmiddelen, zoals (elektrische) steps, segways of speed pedelecs,<strong> gevaarlijk zijn. <\/strong><\/li>\n<\/ul>\n<h2><strong>De aankoop van een elektrisch voertuig: hindernissen en stimulansen<\/strong><\/h2>\n<p><strong>Veruit de grootste obstakels voor de aankoop <\/strong>van een elektrische wagen zijn de prijs (75%, +2 ptn), gevolgd door het gebrek aan oplaadstations (42%, -6 punten, dit obstakel is wel minder uitgesproken van jaar tot jaar) en de moeilijkheid om de auto thuis op te laden (42%, -1 punt). Er moet worden opgemerkt dat 21% het &#8216;gevaar&#8217; van een elektrisch voertuig (bv. risico op batterijbrand) als een obstakel aanhaalt.<\/p>\n<p>De energiecrisis blijft ook een belangrijke factor (44%), maar lijkt minder invloed te hebben op deze beslissing dan vorig jaar (-18 procentpunten).<\/p>\n<p><strong>Aankoopprijs:<\/strong> 81% van de Belgen zou evenveel of meer uitgeven aan een elektrisch voertuig dan aan een voertuig met verbrandingsmotor, waarbij 50% van hen tot \u20ac 30.000 zou uitgeven. Het gemiddeld budget bedraagt \u20ac32.500.<\/p>\n<p><strong>De belangrijkste stimulans <\/strong>om een elektrische auto te kopen is een lagere aankoopprijs (op het moment dat de beslissing wordt genomen om van voertuig te veranderen), voor 47% van de Belgen (+11 punten). Ze zouden meer geneigd zijn om een elektrische auto te kopen dankzij financi\u00eble steun van de overheid (39%, +10 pt) en een betere wegeninfrastructuur (40%, +9 pt).<\/p>\n<p><strong>Het effect van een aankooppremie: <\/strong>De Vlaamse regering heeft een budget vrijgemaakt om financi\u00eble steun te geven aan mensen die in 2024 een nieuw elektrisch voertuig kopen. Deze mensen kunnen genieten van een premie van \u20ac5.000. Hoe wordt deze bonus ervaren in de verschillende regio&#8217;s van het land? Zal het veel mensen aanmoedigen om dit jaar een nieuw elektrisch voertuig aan te schaffen?<\/p>\n<p>Het antwoord is \u201cja\u201d voor 18% van de inwoners van Vlaanderen (\u201cnee\u201d voor 52% en geen mening voor 20%). Een gelijkaardige bonus zou slechts 30% van de Waalse inwoners aanmoedigen om dit jaar een elektrisch voertuig te kopen, en 45% van de Brusselaars.<\/p>\n<h2>Een 100% elektrische mobiliteit tegen 2035: niet realistisch!<\/h2>\n<p>24% van de Belgen denkt dat de overstap naar elektrische mobiliteit voor nieuwe voertuigen niet voor 2035 zal plaatsvinden. De andere respondenten verwachten dat deze overgang veel later zal plaatsvinden (2040: 16% \/ 2045: 8% \/ 2050: 14% \/ \u201cnooit\u201d: 17%). Jongeren zijn beduidend het meest optimistisch.<\/p>\n<p><strong>De volgende auto zal voor 48% van de Belgen echter elektrisch zijn<\/strong> (+7 procentpunten vs. 2023). 51% van de Belgen zegt dat de aankoop van een elektrisch voertuig gemotiveerd wordt door hun ecologische overtuiging, en 37% door een wettelijke verplichting.<\/p>\n<p><strong>Belgen zijn nog steeds sterk afhankelijk van hun auto:<\/strong> 71% van de mensen met een auto zegt niet zonder te kunnen leven. En 47% is (nog) niet van plan om een lange reis (zoals een vakantie) te maken met een elektrisch voertuig.<\/p>\n<p>Gezien de hoge prijzen als gevolg van de inflatie veranderen mobiliteitsgebruikers hun gedrag. 64% zegt minder snel te rijden, 48% maakt meer gebruik van alternatief vervoer, 32% stelt dringende ritten uit en 18% denkt aan autodelen om hun inkomen op te krikken. Dit gedrag is niet veranderd sinds vorig jaar.<\/p>\n<p><a href=\"https:\/\/blog.europ-assistance.be\/wp-content\/uploads\/2024\/03\/Infografiek-3de-Mobiliteitsbarometer-EAB-1.jpg\"><img fetchpriority=\"high\" decoding=\"async\" data-attachment-id=\"35341\" data-permalink=\"https:\/\/blog.europ-assistance.be\/nl\/derde-mobiliteitsbarometer-europ-assistance-belgium\/infografiek-3de-mobiliteitsbarometer-eab\/\" data-orig-file=\"https:\/\/blog.europ-assistance.be\/wp-content\/uploads\/2024\/03\/Infografiek-3de-Mobiliteitsbarometer-EAB-1.jpg\" data-orig-size=\"1241,1754\" data-comments-opened=\"1\" data-image-meta=\"{&quot;aperture&quot;:&quot;0&quot;,&quot;credit&quot;:&quot;&quot;,&quot;camera&quot;:&quot;&quot;,&quot;caption&quot;:&quot;&quot;,&quot;created_timestamp&quot;:&quot;0&quot;,&quot;copyright&quot;:&quot;&quot;,&quot;focal_length&quot;:&quot;0&quot;,&quot;iso&quot;:&quot;0&quot;,&quot;shutter_speed&quot;:&quot;0&quot;,&quot;title&quot;:&quot;&quot;,&quot;orientation&quot;:&quot;0&quot;}\" data-image-title=\"Infografiek-3de-Mobiliteitsbarometer-EAB\" data-image-description=\"\" data-image-caption=\"\" data-medium-file=\"https:\/\/blog.europ-assistance.be\/wp-content\/uploads\/2024\/03\/Infografiek-3de-Mobiliteitsbarometer-EAB-1-212x300.jpg\" data-large-file=\"https:\/\/blog.europ-assistance.be\/wp-content\/uploads\/2024\/03\/Infografiek-3de-Mobiliteitsbarometer-EAB-1-725x1024.jpg\" class=\"aligncenter wp-image-35341 size-full\" src=\"https:\/\/blog.europ-assistance.be\/wp-content\/uploads\/2024\/03\/Infografiek-3de-Mobiliteitsbarometer-EAB-1.jpg\" alt=\"\" width=\"1241\" height=\"1754\" srcset=\"https:\/\/blog.europ-assistance.be\/wp-content\/uploads\/2024\/03\/Infografiek-3de-Mobiliteitsbarometer-EAB-1.jpg 1241w, https:\/\/blog.europ-assistance.be\/wp-content\/uploads\/2024\/03\/Infografiek-3de-Mobiliteitsbarometer-EAB-1-212x300.jpg 212w, https:\/\/blog.europ-assistance.be\/wp-content\/uploads\/2024\/03\/Infografiek-3de-Mobiliteitsbarometer-EAB-1-725x1024.jpg 725w, https:\/\/blog.europ-assistance.be\/wp-content\/uploads\/2024\/03\/Infografiek-3de-Mobiliteitsbarometer-EAB-1-768x1085.jpg 768w, https:\/\/blog.europ-assistance.be\/wp-content\/uploads\/2024\/03\/Infografiek-3de-Mobiliteitsbarometer-EAB-1-1087x1536.jpg 1087w\" sizes=\"(max-width: 1241px) 100vw, 1241px\" \/><\/a><\/p>\n<p>&nbsp;<\/p>\n<p><a href=\"https:\/\/www.europ-assistance.be\/reisverzekering\" target=\"_blank\" rel=\"noopener noreferrer\"><img decoding=\"async\" data-attachment-id=\"1442\" data-permalink=\"https:\/\/blog.europ-assistance.be\/nl\/hoe-bestrijdt-men-hitte\/comment-lutter-contre-canicule-2\/\" data-orig-file=\"https:\/\/blog.europ-assistance.be\/wp-content\/uploads\/2014\/05\/mobiliteit.png\" data-orig-size=\"705,118\" data-comments-opened=\"1\" data-image-meta=\"{&quot;aperture&quot;:&quot;0&quot;,&quot;credit&quot;:&quot;&quot;,&quot;camera&quot;:&quot;&quot;,&quot;caption&quot;:&quot;&quot;,&quot;created_timestamp&quot;:&quot;0&quot;,&quot;copyright&quot;:&quot;&quot;,&quot;focal_length&quot;:&quot;0&quot;,&quot;iso&quot;:&quot;0&quot;,&quot;shutter_speed&quot;:&quot;0&quot;,&quot;title&quot;:&quot;&quot;,&quot;orientation&quot;:&quot;0&quot;}\" data-image-title=\"mobiliteit\" data-image-description=\"\" data-image-caption=\"\" data-medium-file=\"https:\/\/blog.europ-assistance.be\/wp-content\/uploads\/2014\/05\/mobiliteit-300x50.png\" data-large-file=\"https:\/\/blog.europ-assistance.be\/wp-content\/uploads\/2014\/05\/mobiliteit.png\" class=\"alignnone size-full wp-image-1442\" src=\"https:\/\/blog.europ-assistance.be\/wp-content\/uploads\/2023\/09\/CTA-AUTO-NL.jpg\" alt=\"mobiliteit\" width=\"705\" height=\"118\" \/><\/a><\/p>\n<p><em><strong><span style=\"text-decoration: underline;\">Over de studie<\/span><br \/>\n<\/strong><\/em><\/p>\n<p><em>Enqu\u00eate uitgevoerd tussen 13 en 22 december 2023 door Incidence bij 1004 mensen die in Belgi\u00eb wonen. De enqu\u00eates werden online uitgevoerd aan de hand van een semi-gesloten, gestructureerde vragenlijst. Nationale steekproeven representatief voor de nationale bevolking van 18 tot 80 jaar, samengesteld volgens de quotamethode (geslacht, leeftijd, taal (Frans en Nederlands), gezinssamenstelling, woonplaats). Foutenmarge: maximaal 3,1%.<\/em><\/p>\n<p><em>Deze barometer houdt ook rekening met een aantal resultaten van het onderzoek \u201cMobility Barometer 2024 among Europeans\u201d, dat Ipsos in opdracht van de Europ Assistance Group tussen 14 december 2023 en 18 januari 2024 uitvoerde bij 8000 mensen, waaronder 1000 in Belgi\u00eb, Frankrijk, Duitsland, Oostenrijk, Tsjechi\u00eb, Itali\u00eb, Spanje en Portugal.<\/em><\/p>\n<p>Het volledige persbericht en presentatie zijn op aanvraag beschikbaar.<\/p>\n","protected":false},"excerpt":{"rendered":"<p>Europ Assistance presenteert haar derde Mobiliteitsbarometer &#8220;De Belgen ervaren nog steeds een aantal hindernissen en blijven terughoudend om de overstap te maken naar alternatieve mobiliteit, ondanks nieuwe stimulansen. &#8220; Sinds de lancering van de eerste \u201cMobiliteitsbarometer\u201d in maart 2022 wil Europ Assistance Belgi\u00eb peilen naar de perceptie van de Belgen over duurzame mobiliteit en hun[&#8230;]<\/p>\n","protected":false},"author":6,"featured_media":35316,"comment_status":"open","ping_status":"open","sticky":false,"template":"","format":"standard","meta":{"_acf_changed":false,"inline_featured_image":false,"_exactmetrics_skip_tracking":false,"_exactmetrics_sitenote_active":false,"_exactmetrics_sitenote_note":"","_exactmetrics_sitenote_category":0,"jetpack_post_was_ever_published":false,"_jetpack_newsletter_access":"","_jetpack_dont_email_post_to_subs":false,"_jetpack_newsletter_tier_id":0,"_jetpack_memberships_contains_paywalled_content":false,"_jetpack_memberships_contains_paid_content":false,"footnotes":"","jetpack_publicize_message":"","jetpack_publicize_feature_enabled":true,"jetpack_social_post_already_shared":true,"jetpack_social_options":{"image_generator_settings":{"template":"highway","default_image_id":0,"font":"","enabled":false},"version":2}},"categories":[168,69,70,434],"tags":[809,814],"class_list":["post-35319","post","type-post","status-publish","format-standard","has-post-thumbnail","hentry","category-europ-assistance","category-mobiliteit","category-nieuws","category-website","tag-europ-assistance-nl","tag-mobiliteit"],"acf":[],"yoast_head":"<!-- This site is optimized with the Yoast SEO plugin v26.0 - https:\/\/yoast.com\/wordpress\/plugins\/seo\/ -->\n<title>De derde Mobiliteitsbarometer van Europ Assistance - Europ Assistance<\/title>\n<meta name=\"description\" content=\"Europ Assistance presenteert haar derde Mobiliteitsbarometer: de Belgen blijven terughoudend om de overstap te maken naar alternatieve mobiliteit.\" \/>\n<meta name=\"robots\" content=\"index, follow, max-snippet:-1, max-image-preview:large, max-video-preview:-1\" \/>\n<link rel=\"canonical\" href=\"https:\/\/blog.europ-assistance.be\/nl\/derde-mobiliteitsbarometer-europ-assistance-belgium\/\" \/>\n<meta property=\"og:locale\" content=\"en_US\" \/>\n<meta property=\"og:type\" content=\"article\" \/>\n<meta property=\"og:title\" content=\"De derde Mobiliteitsbarometer van Europ Assistance - Europ Assistance\" \/>\n<meta property=\"og:description\" content=\"Europ Assistance presenteert haar derde Mobiliteitsbarometer: de Belgen blijven terughoudend om de overstap te maken naar alternatieve mobiliteit.\" \/>\n<meta property=\"og:url\" content=\"https:\/\/blog.europ-assistance.be\/nl\/derde-mobiliteitsbarometer-europ-assistance-belgium\/\" \/>\n<meta property=\"og:site_name\" content=\"Europ Assistance\" \/>\n<meta property=\"article:publisher\" content=\"http:\/\/www.facebook.com\/europassistance\" \/>\n<meta property=\"article:published_time\" content=\"2024-03-21T15:11:18+00:00\" \/>\n<meta property=\"article:modified_time\" content=\"2024-03-26T09:00:19+00:00\" \/>\n<meta property=\"og:image\" content=\"https:\/\/blog.europ-assistance.be\/wp-content\/uploads\/2024\/03\/cycliste-et-voiture.jpg\" \/>\n\t<meta property=\"og:image:width\" content=\"1000\" \/>\n\t<meta property=\"og:image:height\" content=\"665\" \/>\n\t<meta property=\"og:image:type\" content=\"image\/jpeg\" \/>\n<meta name=\"author\" content=\"Xavier Van Caneghem\" \/>\n<meta name=\"twitter:label1\" content=\"Written by\" \/>\n\t<meta name=\"twitter:data1\" content=\"Xavier Van Caneghem\" \/>\n\t<meta name=\"twitter:label2\" content=\"Est. reading time\" \/>\n\t<meta name=\"twitter:data2\" content=\"6 minutes\" \/>\n<script type=\"application\/ld+json\" class=\"yoast-schema-graph\">{\"@context\":\"https:\/\/schema.org\",\"@graph\":[{\"@type\":\"Article\",\"@id\":\"https:\/\/blog.europ-assistance.be\/nl\/derde-mobiliteitsbarometer-europ-assistance-belgium\/#article\",\"isPartOf\":{\"@id\":\"https:\/\/blog.europ-assistance.be\/nl\/derde-mobiliteitsbarometer-europ-assistance-belgium\/\"},\"author\":{\"name\":\"Xavier Van Caneghem\",\"@id\":\"https:\/\/blog.europ-assistance.be\/nl\/#\/schema\/person\/ada1a6b2e86f8b76865b447214e1b496\"},\"headline\":\"De derde Mobiliteitsbarometer van Europ Assistance\",\"datePublished\":\"2024-03-21T15:11:18+00:00\",\"dateModified\":\"2024-03-26T09:00:19+00:00\",\"mainEntityOfPage\":{\"@id\":\"https:\/\/blog.europ-assistance.be\/nl\/derde-mobiliteitsbarometer-europ-assistance-belgium\/\"},\"wordCount\":875,\"commentCount\":0,\"publisher\":{\"@id\":\"https:\/\/blog.europ-assistance.be\/nl\/#organization\"},\"image\":{\"@id\":\"https:\/\/blog.europ-assistance.be\/nl\/derde-mobiliteitsbarometer-europ-assistance-belgium\/#primaryimage\"},\"thumbnailUrl\":\"https:\/\/blog.europ-assistance.be\/wp-content\/uploads\/2024\/03\/cycliste-et-voiture.jpg\",\"keywords\":[\"Europ Assistance\",\"mobiliteit\"],\"articleSection\":[\"Europ Assistance\",\"Mobiliteit\",\"Nieuws\",\"Website\"],\"inLanguage\":\"be-NL\",\"potentialAction\":[{\"@type\":\"CommentAction\",\"name\":\"Comment\",\"target\":[\"https:\/\/blog.europ-assistance.be\/nl\/derde-mobiliteitsbarometer-europ-assistance-belgium\/#respond\"]}]},{\"@type\":\"WebPage\",\"@id\":\"https:\/\/blog.europ-assistance.be\/nl\/derde-mobiliteitsbarometer-europ-assistance-belgium\/\",\"url\":\"https:\/\/blog.europ-assistance.be\/nl\/derde-mobiliteitsbarometer-europ-assistance-belgium\/\",\"name\":\"De derde Mobiliteitsbarometer van Europ Assistance - Europ Assistance\",\"isPartOf\":{\"@id\":\"https:\/\/blog.europ-assistance.be\/nl\/#website\"},\"primaryImageOfPage\":{\"@id\":\"https:\/\/blog.europ-assistance.be\/nl\/derde-mobiliteitsbarometer-europ-assistance-belgium\/#primaryimage\"},\"image\":{\"@id\":\"https:\/\/blog.europ-assistance.be\/nl\/derde-mobiliteitsbarometer-europ-assistance-belgium\/#primaryimage\"},\"thumbnailUrl\":\"https:\/\/blog.europ-assistance.be\/wp-content\/uploads\/2024\/03\/cycliste-et-voiture.jpg\",\"datePublished\":\"2024-03-21T15:11:18+00:00\",\"dateModified\":\"2024-03-26T09:00:19+00:00\",\"description\":\"Europ Assistance presenteert haar derde Mobiliteitsbarometer: de Belgen blijven terughoudend om de overstap te maken naar alternatieve mobiliteit.\",\"breadcrumb\":{\"@id\":\"https:\/\/blog.europ-assistance.be\/nl\/derde-mobiliteitsbarometer-europ-assistance-belgium\/#breadcrumb\"},\"inLanguage\":\"be-NL\",\"potentialAction\":[{\"@type\":\"ReadAction\",\"target\":[\"https:\/\/blog.europ-assistance.be\/nl\/derde-mobiliteitsbarometer-europ-assistance-belgium\/\"]}]},{\"@type\":\"ImageObject\",\"inLanguage\":\"be-NL\",\"@id\":\"https:\/\/blog.europ-assistance.be\/nl\/derde-mobiliteitsbarometer-europ-assistance-belgium\/#primaryimage\",\"url\":\"https:\/\/blog.europ-assistance.be\/wp-content\/uploads\/2024\/03\/cycliste-et-voiture.jpg\",\"contentUrl\":\"https:\/\/blog.europ-assistance.be\/wp-content\/uploads\/2024\/03\/cycliste-et-voiture.jpg\",\"width\":1000,\"height\":665},{\"@type\":\"BreadcrumbList\",\"@id\":\"https:\/\/blog.europ-assistance.be\/nl\/derde-mobiliteitsbarometer-europ-assistance-belgium\/#breadcrumb\",\"itemListElement\":[{\"@type\":\"ListItem\",\"position\":1,\"name\":\"Home\",\"item\":\"https:\/\/blog.europ-assistance.be\/nl\/\"},{\"@type\":\"ListItem\",\"position\":2,\"name\":\"De derde Mobiliteitsbarometer van Europ Assistance\"}]},{\"@type\":\"WebSite\",\"@id\":\"https:\/\/blog.europ-assistance.be\/nl\/#website\",\"url\":\"https:\/\/blog.europ-assistance.be\/nl\/\",\"name\":\"Europ Assistance Blog\",\"description\":\"You live we care\",\"publisher\":{\"@id\":\"https:\/\/blog.europ-assistance.be\/nl\/#organization\"},\"potentialAction\":[{\"@type\":\"SearchAction\",\"target\":{\"@type\":\"EntryPoint\",\"urlTemplate\":\"https:\/\/blog.europ-assistance.be\/nl\/?s={search_term_string}\"},\"query-input\":{\"@type\":\"PropertyValueSpecification\",\"valueRequired\":true,\"valueName\":\"search_term_string\"}}],\"inLanguage\":\"be-NL\"},{\"@type\":\"Organization\",\"@id\":\"https:\/\/blog.europ-assistance.be\/nl\/#organization\",\"name\":\"Europ Assistance Blog\",\"url\":\"https:\/\/blog.europ-assistance.be\/nl\/\",\"logo\":{\"@type\":\"ImageObject\",\"inLanguage\":\"be-NL\",\"@id\":\"https:\/\/blog.europ-assistance.be\/nl\/#\/schema\/logo\/image\/\",\"url\":\"https:\/\/blog.europ-assistance.be\/wp-content\/uploads\/2014\/03\/europ-assistance-logo-sans-texte.jpg\",\"contentUrl\":\"https:\/\/blog.europ-assistance.be\/wp-content\/uploads\/2014\/03\/europ-assistance-logo-sans-texte.jpg\",\"width\":114,\"height\":100,\"caption\":\"Europ Assistance Blog\"},\"image\":{\"@id\":\"https:\/\/blog.europ-assistance.be\/nl\/#\/schema\/logo\/image\/\"},\"sameAs\":[\"http:\/\/www.facebook.com\/europassistance\",\"https:\/\/x.com\/EA_BEL\"]},{\"@type\":\"Person\",\"@id\":\"https:\/\/blog.europ-assistance.be\/nl\/#\/schema\/person\/ada1a6b2e86f8b76865b447214e1b496\",\"name\":\"Xavier Van Caneghem\",\"image\":{\"@type\":\"ImageObject\",\"inLanguage\":\"be-NL\",\"@id\":\"https:\/\/blog.europ-assistance.be\/nl\/#\/schema\/person\/image\/\",\"url\":\"https:\/\/secure.gravatar.com\/avatar\/85b6c4c0d31321f9f54c0d160d0ba25e63f4c2f9f3c97b344d9c857e496698fb?s=96&d=mm&r=g\",\"contentUrl\":\"https:\/\/secure.gravatar.com\/avatar\/85b6c4c0d31321f9f54c0d160d0ba25e63f4c2f9f3c97b344d9c857e496698fb?s=96&d=mm&r=g\",\"caption\":\"Xavier Van Caneghem\"},\"url\":\"https:\/\/blog.europ-assistance.be\/nl\/author\/blog-ea\/\"}]}<\/script>\n<!-- \/ Yoast SEO plugin. -->","yoast_head_json":{"title":"De derde Mobiliteitsbarometer van Europ Assistance - Europ Assistance","description":"Europ Assistance presenteert haar derde Mobiliteitsbarometer: de Belgen blijven terughoudend om de overstap te maken naar alternatieve mobiliteit.","robots":{"index":"index","follow":"follow","max-snippet":"max-snippet:-1","max-image-preview":"max-image-preview:large","max-video-preview":"max-video-preview:-1"},"canonical":"https:\/\/blog.europ-assistance.be\/nl\/derde-mobiliteitsbarometer-europ-assistance-belgium\/","og_locale":"en_US","og_type":"article","og_title":"De derde Mobiliteitsbarometer van Europ Assistance - Europ Assistance","og_description":"Europ Assistance presenteert haar derde Mobiliteitsbarometer: de Belgen blijven terughoudend om de overstap te maken naar alternatieve mobiliteit.","og_url":"https:\/\/blog.europ-assistance.be\/nl\/derde-mobiliteitsbarometer-europ-assistance-belgium\/","og_site_name":"Europ Assistance","article_publisher":"http:\/\/www.facebook.com\/europassistance","article_published_time":"2024-03-21T15:11:18+00:00","article_modified_time":"2024-03-26T09:00:19+00:00","og_image":[{"width":1000,"height":665,"url":"https:\/\/blog.europ-assistance.be\/wp-content\/uploads\/2024\/03\/cycliste-et-voiture.jpg","type":"image\/jpeg"}],"author":"Xavier Van Caneghem","twitter_misc":{"Written by":"Xavier Van Caneghem","Est. reading time":"6 minutes"},"schema":{"@context":"https:\/\/schema.org","@graph":[{"@type":"Article","@id":"https:\/\/blog.europ-assistance.be\/nl\/derde-mobiliteitsbarometer-europ-assistance-belgium\/#article","isPartOf":{"@id":"https:\/\/blog.europ-assistance.be\/nl\/derde-mobiliteitsbarometer-europ-assistance-belgium\/"},"author":{"name":"Xavier Van Caneghem","@id":"https:\/\/blog.europ-assistance.be\/nl\/#\/schema\/person\/ada1a6b2e86f8b76865b447214e1b496"},"headline":"De derde Mobiliteitsbarometer van Europ Assistance","datePublished":"2024-03-21T15:11:18+00:00","dateModified":"2024-03-26T09:00:19+00:00","mainEntityOfPage":{"@id":"https:\/\/blog.europ-assistance.be\/nl\/derde-mobiliteitsbarometer-europ-assistance-belgium\/"},"wordCount":875,"commentCount":0,"publisher":{"@id":"https:\/\/blog.europ-assistance.be\/nl\/#organization"},"image":{"@id":"https:\/\/blog.europ-assistance.be\/nl\/derde-mobiliteitsbarometer-europ-assistance-belgium\/#primaryimage"},"thumbnailUrl":"https:\/\/blog.europ-assistance.be\/wp-content\/uploads\/2024\/03\/cycliste-et-voiture.jpg","keywords":["Europ Assistance","mobiliteit"],"articleSection":["Europ Assistance","Mobiliteit","Nieuws","Website"],"inLanguage":"be-NL","potentialAction":[{"@type":"CommentAction","name":"Comment","target":["https:\/\/blog.europ-assistance.be\/nl\/derde-mobiliteitsbarometer-europ-assistance-belgium\/#respond"]}]},{"@type":"WebPage","@id":"https:\/\/blog.europ-assistance.be\/nl\/derde-mobiliteitsbarometer-europ-assistance-belgium\/","url":"https:\/\/blog.europ-assistance.be\/nl\/derde-mobiliteitsbarometer-europ-assistance-belgium\/","name":"De derde Mobiliteitsbarometer van Europ Assistance - Europ Assistance","isPartOf":{"@id":"https:\/\/blog.europ-assistance.be\/nl\/#website"},"primaryImageOfPage":{"@id":"https:\/\/blog.europ-assistance.be\/nl\/derde-mobiliteitsbarometer-europ-assistance-belgium\/#primaryimage"},"image":{"@id":"https:\/\/blog.europ-assistance.be\/nl\/derde-mobiliteitsbarometer-europ-assistance-belgium\/#primaryimage"},"thumbnailUrl":"https:\/\/blog.europ-assistance.be\/wp-content\/uploads\/2024\/03\/cycliste-et-voiture.jpg","datePublished":"2024-03-21T15:11:18+00:00","dateModified":"2024-03-26T09:00:19+00:00","description":"Europ Assistance presenteert haar derde Mobiliteitsbarometer: de Belgen blijven terughoudend om de overstap te maken naar alternatieve mobiliteit.","breadcrumb":{"@id":"https:\/\/blog.europ-assistance.be\/nl\/derde-mobiliteitsbarometer-europ-assistance-belgium\/#breadcrumb"},"inLanguage":"be-NL","potentialAction":[{"@type":"ReadAction","target":["https:\/\/blog.europ-assistance.be\/nl\/derde-mobiliteitsbarometer-europ-assistance-belgium\/"]}]},{"@type":"ImageObject","inLanguage":"be-NL","@id":"https:\/\/blog.europ-assistance.be\/nl\/derde-mobiliteitsbarometer-europ-assistance-belgium\/#primaryimage","url":"https:\/\/blog.europ-assistance.be\/wp-content\/uploads\/2024\/03\/cycliste-et-voiture.jpg","contentUrl":"https:\/\/blog.europ-assistance.be\/wp-content\/uploads\/2024\/03\/cycliste-et-voiture.jpg","width":1000,"height":665},{"@type":"BreadcrumbList","@id":"https:\/\/blog.europ-assistance.be\/nl\/derde-mobiliteitsbarometer-europ-assistance-belgium\/#breadcrumb","itemListElement":[{"@type":"ListItem","position":1,"name":"Home","item":"https:\/\/blog.europ-assistance.be\/nl\/"},{"@type":"ListItem","position":2,"name":"De derde Mobiliteitsbarometer van Europ Assistance"}]},{"@type":"WebSite","@id":"https:\/\/blog.europ-assistance.be\/nl\/#website","url":"https:\/\/blog.europ-assistance.be\/nl\/","name":"Europ Assistance Blog","description":"You live we care","publisher":{"@id":"https:\/\/blog.europ-assistance.be\/nl\/#organization"},"potentialAction":[{"@type":"SearchAction","target":{"@type":"EntryPoint","urlTemplate":"https:\/\/blog.europ-assistance.be\/nl\/?s={search_term_string}"},"query-input":{"@type":"PropertyValueSpecification","valueRequired":true,"valueName":"search_term_string"}}],"inLanguage":"be-NL"},{"@type":"Organization","@id":"https:\/\/blog.europ-assistance.be\/nl\/#organization","name":"Europ Assistance Blog","url":"https:\/\/blog.europ-assistance.be\/nl\/","logo":{"@type":"ImageObject","inLanguage":"be-NL","@id":"https:\/\/blog.europ-assistance.be\/nl\/#\/schema\/logo\/image\/","url":"https:\/\/blog.europ-assistance.be\/wp-content\/uploads\/2014\/03\/europ-assistance-logo-sans-texte.jpg","contentUrl":"https:\/\/blog.europ-assistance.be\/wp-content\/uploads\/2014\/03\/europ-assistance-logo-sans-texte.jpg","width":114,"height":100,"caption":"Europ Assistance Blog"},"image":{"@id":"https:\/\/blog.europ-assistance.be\/nl\/#\/schema\/logo\/image\/"},"sameAs":["http:\/\/www.facebook.com\/europassistance","https:\/\/x.com\/EA_BEL"]},{"@type":"Person","@id":"https:\/\/blog.europ-assistance.be\/nl\/#\/schema\/person\/ada1a6b2e86f8b76865b447214e1b496","name":"Xavier Van Caneghem","image":{"@type":"ImageObject","inLanguage":"be-NL","@id":"https:\/\/blog.europ-assistance.be\/nl\/#\/schema\/person\/image\/","url":"https:\/\/secure.gravatar.com\/avatar\/85b6c4c0d31321f9f54c0d160d0ba25e63f4c2f9f3c97b344d9c857e496698fb?s=96&d=mm&r=g","contentUrl":"https:\/\/secure.gravatar.com\/avatar\/85b6c4c0d31321f9f54c0d160d0ba25e63f4c2f9f3c97b344d9c857e496698fb?s=96&d=mm&r=g","caption":"Xavier Van Caneghem"},"url":"https:\/\/blog.europ-assistance.be\/nl\/author\/blog-ea\/"}]}},"jetpack_publicize_connections":[],"jetpack_featured_media_url":"https:\/\/blog.europ-assistance.be\/wp-content\/uploads\/2024\/03\/cycliste-et-voiture.jpg","jetpack_shortlink":"https:\/\/wp.me\/p6AH3U-9bF","jetpack_sharing_enabled":true,"_links":{"self":[{"href":"https:\/\/blog.europ-assistance.be\/nl\/wp-json\/wp\/v2\/posts\/35319","targetHints":{"allow":["GET"]}}],"collection":[{"href":"https:\/\/blog.europ-assistance.be\/nl\/wp-json\/wp\/v2\/posts"}],"about":[{"href":"https:\/\/blog.europ-assistance.be\/nl\/wp-json\/wp\/v2\/types\/post"}],"author":[{"embeddable":true,"href":"https:\/\/blog.europ-assistance.be\/nl\/wp-json\/wp\/v2\/users\/6"}],"replies":[{"embeddable":true,"href":"https:\/\/blog.europ-assistance.be\/nl\/wp-json\/wp\/v2\/comments?post=35319"}],"version-history":[{"count":8,"href":"https:\/\/blog.europ-assistance.be\/nl\/wp-json\/wp\/v2\/posts\/35319\/revisions"}],"predecessor-version":[{"id":35344,"href":"https:\/\/blog.europ-assistance.be\/nl\/wp-json\/wp\/v2\/posts\/35319\/revisions\/35344"}],"wp:featuredmedia":[{"embeddable":true,"href":"https:\/\/blog.europ-assistance.be\/nl\/wp-json\/wp\/v2\/media\/35316"}],"wp:attachment":[{"href":"https:\/\/blog.europ-assistance.be\/nl\/wp-json\/wp\/v2\/media?parent=35319"}],"wp:term":[{"taxonomy":"category","embeddable":true,"href":"https:\/\/blog.europ-assistance.be\/nl\/wp-json\/wp\/v2\/categories?post=35319"},{"taxonomy":"post_tag","embeddable":true,"href":"https:\/\/blog.europ-assistance.be\/nl\/wp-json\/wp\/v2\/tags?post=35319"}],"curies":[{"name":"wp","href":"https:\/\/api.w.org\/{rel}","templated":true}]}}