{"id":23006,"date":"2019-04-29T08:51:06","date_gmt":"2019-04-29T06:51:06","guid":{"rendered":"https:\/\/sweet-wozniak.167-235-21-219.plesk.page\/?p=23006"},"modified":"2021-08-19T15:35:25","modified_gmt":"2021-08-19T13:35:25","slug":"mazelen-vaker-voorkomende-ziekte-europa","status":"publish","type":"post","link":"https:\/\/blog.europ-assistance.be\/nl\/mazelen-vaker-voorkomende-ziekte-europa\/","title":{"rendered":"Mazelen: een steeds vaker voorkomende ziekte in Europa"},"content":{"rendered":"<p><strong>In de afgelopen jaren heeft de Wereldgezondheidsorganisatie (WHO) wereldwijd, maar ook in Europa, een toename vastgesteld van het aantal infecties en sterfgevallen die te wijten waren aan mazelen.<\/strong><\/p>\n<p>Hoewel in Europa het aantal personen die tegen mazelen gevaccineerd is (dankzij preventiecampagnes en\/of een vaccinatieverplichting) zeer hoge cijfers haalt, is dit niet het geval in alle landen of gebieden.<\/p>\n<h1><strong>Steeds meer risicolanden<\/strong><\/h1>\n<p>In 2018 meldde de WHO 72 sterfgevallen in <strong>Europa<\/strong> die aan mazelen toegeschreven waren. Alleen al in de eerste 6 maanden van 2018 werden meer dan 41.000 infecties opgetekend in een groot aantal Europese landen, waaronder<\/p>\n<ul>\n<li>Oekra\u00efne (&gt; 23.000 gevallen)<\/li>\n<\/ul>\n<p>Meer dan duizend gevallen in<\/p>\n<ul>\n<li>Georgi\u00eb<\/li>\n<li>Griekenland<\/li>\n<li>Itali\u00eb<\/li>\n<li>Servi\u00eb<\/li>\n<li>Rusland<\/li>\n<li>Frankrijk (een kleine epidemie deed zich ook voor in Val Thorens in februari 2019)<\/li>\n<\/ul>\n<p>En talrijke gevallen in<\/p>\n<ul>\n<li>Roumeni\u00eb<\/li>\n<li>Duitsland<\/li>\n<li>Belgi\u00eb<\/li>\n<li>Hongarije<\/li>\n<li>Oostenrijk<\/li>\n<li>Spanje<\/li>\n<li>Zweden<\/li>\n<li>&#8230;<\/li>\n<\/ul>\n<p>In ons land werd er een vervijfvoudiging vastgesteld van het aantal gevallen gedurende de zeven eerste maanden van 2019 in vergelijking met dezelfde periode in 2018.<\/p>\n<p>In de meeste gevallen ging het om <strong>jonge kinderen<\/strong>, maar ook volwassenen behoorden tot de slachtoffers.<br \/>\nDe ziekte komt ook in andere delen van de wereld voor, in het bijzonder <strong>in Afrikaanse en Aziatische landen<\/strong>.<br \/>\nDe <strong>Verenigde Staten<\/strong> zijn in april 2019 eveneens getroffen geweest door een groot aantal gevallan.<\/p>\n<h1><strong>Mazelen en reizen<\/strong><\/h1>\n<p><strong>Mazelen is een zeer besmettelijke ziekte.<\/strong> Het is dus zeer belangrijk om te controleren of u gevaccineerd bent geweest voordat u op reis gaat, vooral als u met (zeer) jonge kinderen reist!<br \/>\nTer informatie: Europ Assistance opent jaarlijks 8 \u00e0 10% medische dossiers in het buitenland wegens infecties!<br \/>\nLaat u indien nodig zowat een zestal maanden v\u00f3\u00f3r uw vertrek (eerste prik) vaccineren.<\/p>\n<h1><strong>De vaccinatie\u00a0<\/strong><a href=\"https:\/\/blog.europ-assistance.be\/wp-content\/uploads\/2019\/04\/Vaccination_enfant.jpg\"><img fetchpriority=\"high\" decoding=\"async\" class=\"alignright size-medium wp-image-22992\" src=\"https:\/\/blog.europ-assistance.be\/wp-content\/uploads\/2019\/04\/Vaccination_enfant-300x200.jpg\" alt=\"\" width=\"300\" height=\"200\" srcset=\"https:\/\/blog.europ-assistance.be\/wp-content\/uploads\/2019\/04\/Vaccination_enfant-300x200.jpg 300w, https:\/\/blog.europ-assistance.be\/wp-content\/uploads\/2019\/04\/Vaccination_enfant-768x512.jpg 768w, https:\/\/blog.europ-assistance.be\/wp-content\/uploads\/2019\/04\/Vaccination_enfant.jpg 1000w\" sizes=\"(max-width: 300px) 100vw, 300px\" \/><\/a><\/h1>\n<p>Een volledige vaccinatie houdt <strong>twee dosissen<\/strong> in (met een wachttijd van minimum 4 weken tussen de twee dosissen).<\/p>\n<p>In principe zijn personen die in Belgi\u00eb geboren zijn v\u00f3\u00f3r 1965 gevaccineerd, aangezien vaccinatie toen verplicht was.<br \/>\nPersonen die geboren zijn sinds 1965 en die niet gevaccineerd zijn, slechts 1 dosis hebben gehad of het ziektebeeld niet hebben opgelopen, vormen een risicogroep. Neem in dat geval op met uw behandelende arts.<br \/>\nIn geval van twijfel kan een nieuwe vaccinatie overwogen worden.<br \/>\nDe vaccinatie is ook nuttig <strong>binnen de 72 uur na contact met een besmette persoon<\/strong>.<\/p>\n<p>Het huidige vaccin beschermt tegen <strong>mazelen, bof en rubella (MBR).<\/strong> Deze vaccinatie biedt 95% bescherming en wordt tweemaal toegediend (idealiter een eerste maal op een leeftijd van ongeveer 12 maanden en een rappel op 18 maanden).<\/p>\n<h1><strong>Oorzaken van mazelen<\/strong><\/h1>\n<p>Mazelen is een ziekte veroorzaakt door een paramyxovirus, voornamelijk actief in de winter en de lente. Het is zeer besmettelijk, vooral door contact tussen mensen en via het speeksel.<\/p>\n<p>De <strong>symptomen<\/strong> zijn divers: koorts, conjunctivitis, oedeem van de oogleden, neusvocht, hoest, diarree, braken, buikpijn, &#8230; Onbehandeld kunnen deze symptomen leiden tot een oorontsteking, een keelontsteking, bronchitis, longcomplicaties of zelfs encefalitis.<\/p>\n<p>Besmette personen krijgen <strong>rode vlekken<\/strong> op hun gezicht en achter hun oren. Deze rode vlekken verschijnen later op andere delen van het lichaam. Witte vlekken verschijnen ook op de slijmvliezen aan de binnenkant van de wangen.<\/p>\n<h1><strong>Hoe kan men zich beschermen?<\/strong><\/h1>\n<p>Raadpleeg een arts bij de minste twijfel.<\/p>\n<p>Naast de vaccinatiepreventie en curatieve maatregelen in geval van besmetting (medische behandeling), bestaat <strong>de beste preventie<\/strong> bij contact met besmette personen uit het volgende:<\/p>\n<ul>\n<li>Was uw handen regelmatig en <span style=\"color: #000080;\"><a style=\"color: #000080;\" href=\"https:\/\/blog.europ-assistance.be\/nl\/20-seconden-handen-efficient-wassen\/\" target=\"_blank\" rel=\"noopener noreferrer\">doe het nauwkeurig<\/a><\/span><\/li>\n<li>Bedek de mond van besmette personen, gebruik een fysiologische zoutoplossing om hun neus te ontsmetten<\/li>\n<li>Gebruik wegwerpzakdoekjes<\/li>\n<li>Vermijd direct contact met zieke personen, was (of steriliseer) grondig de voorwerpen die zij hebben gebruikt of aangeraakt en neem een &#8220;quarantaine&#8221; in acht van minstens 5 dagen vanaf het begin van de ziekte.<\/li>\n<li>Zorg voor een regelmatige en doeltreffende verluchting van uw huis en de plaats waar de zieke verblijft.<\/li>\n<\/ul>\n<p><strong>Nuttige links<\/strong><\/p>\n<ul>\n<li><span style=\"color: #000080;\"><a style=\"color: #000080;\" href=\"https:\/\/www.who.int\/news-room\/fact-sheets\/detail\/measles\" target=\"_blank\" rel=\"noopener noreferrer\">WHO (Wereldgezondheidsorganisatie)<\/a><\/span><\/li>\n<li><span style=\"color: #000080;\"><a style=\"color: #000080;\" href=\"https:\/\/www.itg.be\/N\/Artikel\/mazelenvaccinatie\" target=\"_blank\" rel=\"noopener noreferrer\">ITG (Instituut voor Tropische Geneeskunde, Antwerpen)<\/a>\u00a0<\/span><\/li>\n<li><span style=\"color: #000080;\"><a style=\"color: #000080;\" href=\"https:\/\/www.wanda.be\/nl\/\" target=\"_blank\" rel=\"noopener noreferrer\">Wanda<\/a><\/span><\/li>\n<\/ul>\n<p><strong>Lees ook<\/strong><\/p>\n<ul>\n<li><span style=\"color: #000080;\"><a style=\"color: #000080;\" href=\"https:\/\/blog.europ-assistance.be\/20-secondes-pour-se-laver-les-mains-correctement\/\" target=\"_blank\" rel=\"noopener noreferrer\">20 seconden om uw handen effici\u00ebnt te wassen<\/a><\/span><\/li>\n<li><span style=\"color: #000080;\"><span style=\"color: #000080;\"><a style=\"color: #000080;\" href=\"https:\/\/blog.europ-assistance.be\/nl\/hoe-verkoudheid-vermijden\/\" target=\"_blank\" rel=\"noopener noreferrer\">Verkoudheid: is er iets tegen te doen?<\/a><\/span><\/span><\/li>\n<\/ul>\n<p><a href=\"http:\/\/www.europ-assistance.be\/reisverzekering\"><img decoding=\"async\" data-attachment-id=\"1449\" data-permalink=\"https:\/\/blog.europ-assistance.be\/nl\/hoe-bestrijdt-men-hitte\/comment-lutter-contre-canicule-4\/\" data-orig-file=\"https:\/\/blog.europ-assistance.be\/wp-content\/uploads\/2014\/05\/vakantie.png\" data-orig-size=\"705,118\" data-comments-opened=\"1\" data-image-meta=\"{&quot;aperture&quot;:&quot;0&quot;,&quot;credit&quot;:&quot;&quot;,&quot;camera&quot;:&quot;&quot;,&quot;caption&quot;:&quot;&quot;,&quot;created_timestamp&quot;:&quot;0&quot;,&quot;copyright&quot;:&quot;&quot;,&quot;focal_length&quot;:&quot;0&quot;,&quot;iso&quot;:&quot;0&quot;,&quot;shutter_speed&quot;:&quot;0&quot;,&quot;title&quot;:&quot;&quot;,&quot;orientation&quot;:&quot;0&quot;}\" data-image-title=\"vakantie\" data-image-description=\"\" data-image-caption=\"\" data-medium-file=\"https:\/\/blog.europ-assistance.be\/wp-content\/uploads\/2014\/05\/vakantie-300x50.png\" data-large-file=\"https:\/\/blog.europ-assistance.be\/wp-content\/uploads\/2014\/05\/vakantie.png\" class=\"alignnone size-full wp-image-1449\" src=\"https:\/\/blog.europ-assistance.be\/wp-content\/uploads\/2014\/05\/vakantie.png\" alt=\"vakantie\" width=\"&quot;70&lt;\/p\" srcset=\"https:\/\/blog.europ-assistance.be\/wp-content\/uploads\/2014\/05\/vakantie.png 705w, https:\/\/blog.europ-assistance.be\/wp-content\/uploads\/2014\/05\/vakantie-300x50.png 300w\" sizes=\"(max-width: 705px) 100vw, 705px\" \/> <\/a><\/p>\n","protected":false},"excerpt":{"rendered":"<p>In de afgelopen jaren heeft de Wereldgezondheidsorganisatie (WHO) wereldwijd, maar ook in Europa, een toename vastgesteld van het aantal infecties en sterfgevallen die te wijten waren aan mazelen. Hoewel in Europa het aantal personen die tegen mazelen gevaccineerd is (dankzij preventiecampagnes en\/of een vaccinatieverplichting) zeer hoge cijfers haalt, is dit niet het geval in alle[&#8230;]<\/p>\n","protected":false},"author":6,"featured_media":22996,"comment_status":"open","ping_status":"open","sticky":false,"template":"","format":"standard","meta":{"_acf_changed":false,"inline_featured_image":false,"_exactmetrics_skip_tracking":false,"_exactmetrics_sitenote_active":false,"_exactmetrics_sitenote_note":"","_exactmetrics_sitenote_category":0,"jetpack_post_was_ever_published":false,"_jetpack_newsletter_access":"","_jetpack_dont_email_post_to_subs":false,"_jetpack_newsletter_tier_id":0,"_jetpack_memberships_contains_paywalled_content":false,"_jetpack_memberships_contains_paid_content":false,"footnotes":"","jetpack_publicize_message":"","jetpack_publicize_feature_enabled":true,"jetpack_social_post_already_shared":true,"jetpack_social_options":{"image_generator_settings":{"template":"highway","default_image_id":0,"font":"","enabled":false},"version":2}},"categories":[75,160,434],"tags":[97,90,839,139],"class_list":["post-23006","post","type-post","status-publish","format-standard","has-post-thumbnail","hentry","category-gezondheid","category-kinderen-2","category-website","tag-kinderen","tag-reizen-2","tag-voyage-2-nl","tag-ziekte"],"acf":[],"yoast_head":"<!-- This site is optimized with the Yoast SEO plugin v26.0 - https:\/\/yoast.com\/wordpress\/plugins\/seo\/ -->\n<title>Mazelen: een steeds vaker voorkomende ziekte in Europa - Europ Assistance<\/title>\n<meta name=\"robots\" content=\"index, follow, max-snippet:-1, max-image-preview:large, max-video-preview:-1\" \/>\n<link rel=\"canonical\" href=\"https:\/\/blog.europ-assistance.be\/nl\/mazelen-vaker-voorkomende-ziekte-europa\/\" \/>\n<meta property=\"og:locale\" content=\"en_US\" \/>\n<meta property=\"og:type\" content=\"article\" \/>\n<meta property=\"og:title\" content=\"Mazelen: een steeds vaker voorkomende ziekte in Europa - Europ Assistance\" \/>\n<meta property=\"og:description\" content=\"In de afgelopen jaren heeft de Wereldgezondheidsorganisatie (WHO) wereldwijd, maar ook in Europa, een toename vastgesteld van het aantal infecties en sterfgevallen die te wijten waren aan mazelen. Hoewel in Europa het aantal personen die tegen mazelen gevaccineerd is (dankzij preventiecampagnes en\/of een vaccinatieverplichting) zeer hoge cijfers haalt, is dit niet het geval in alle[...]\" \/>\n<meta property=\"og:url\" content=\"https:\/\/blog.europ-assistance.be\/nl\/mazelen-vaker-voorkomende-ziekte-europa\/\" \/>\n<meta property=\"og:site_name\" content=\"Europ Assistance\" \/>\n<meta property=\"article:publisher\" content=\"http:\/\/www.facebook.com\/europassistance\" \/>\n<meta property=\"article:published_time\" content=\"2019-04-29T06:51:06+00:00\" \/>\n<meta property=\"article:modified_time\" content=\"2021-08-19T13:35:25+00:00\" \/>\n<meta property=\"og:image\" content=\"https:\/\/blog.europ-assistance.be\/wp-content\/uploads\/2019\/04\/Rougeole.jpg\" \/>\n\t<meta property=\"og:image:width\" content=\"1000\" \/>\n\t<meta property=\"og:image:height\" content=\"667\" \/>\n\t<meta property=\"og:image:type\" content=\"image\/jpeg\" \/>\n<meta name=\"author\" content=\"Xavier Van Caneghem\" \/>\n<meta name=\"twitter:label1\" content=\"Written by\" \/>\n\t<meta name=\"twitter:data1\" content=\"Xavier Van Caneghem\" \/>\n\t<meta name=\"twitter:label2\" content=\"Est. reading time\" \/>\n\t<meta name=\"twitter:data2\" content=\"3 minutes\" \/>\n<script type=\"application\/ld+json\" class=\"yoast-schema-graph\">{\"@context\":\"https:\/\/schema.org\",\"@graph\":[{\"@type\":\"Article\",\"@id\":\"https:\/\/blog.europ-assistance.be\/nl\/mazelen-vaker-voorkomende-ziekte-europa\/#article\",\"isPartOf\":{\"@id\":\"https:\/\/blog.europ-assistance.be\/nl\/mazelen-vaker-voorkomende-ziekte-europa\/\"},\"author\":{\"name\":\"Xavier Van Caneghem\",\"@id\":\"https:\/\/blog.europ-assistance.be\/nl\/#\/schema\/person\/ada1a6b2e86f8b76865b447214e1b496\"},\"headline\":\"Mazelen: een steeds vaker voorkomende ziekte in Europa\",\"datePublished\":\"2019-04-29T06:51:06+00:00\",\"dateModified\":\"2021-08-19T13:35:25+00:00\",\"mainEntityOfPage\":{\"@id\":\"https:\/\/blog.europ-assistance.be\/nl\/mazelen-vaker-voorkomende-ziekte-europa\/\"},\"wordCount\":637,\"commentCount\":0,\"publisher\":{\"@id\":\"https:\/\/blog.europ-assistance.be\/nl\/#organization\"},\"image\":{\"@id\":\"https:\/\/blog.europ-assistance.be\/nl\/mazelen-vaker-voorkomende-ziekte-europa\/#primaryimage\"},\"thumbnailUrl\":\"https:\/\/blog.europ-assistance.be\/wp-content\/uploads\/2019\/04\/Rougeole.jpg\",\"keywords\":[\"kinderen\",\"reizen\",\"voyage\",\"ziekte\"],\"articleSection\":[\"Gezondheid\",\"Kinderen\",\"Website\"],\"inLanguage\":\"be-NL\",\"potentialAction\":[{\"@type\":\"CommentAction\",\"name\":\"Comment\",\"target\":[\"https:\/\/blog.europ-assistance.be\/nl\/mazelen-vaker-voorkomende-ziekte-europa\/#respond\"]}]},{\"@type\":\"WebPage\",\"@id\":\"https:\/\/blog.europ-assistance.be\/nl\/mazelen-vaker-voorkomende-ziekte-europa\/\",\"url\":\"https:\/\/blog.europ-assistance.be\/nl\/mazelen-vaker-voorkomende-ziekte-europa\/\",\"name\":\"Mazelen: een steeds vaker voorkomende ziekte in Europa - Europ Assistance\",\"isPartOf\":{\"@id\":\"https:\/\/blog.europ-assistance.be\/nl\/#website\"},\"primaryImageOfPage\":{\"@id\":\"https:\/\/blog.europ-assistance.be\/nl\/mazelen-vaker-voorkomende-ziekte-europa\/#primaryimage\"},\"image\":{\"@id\":\"https:\/\/blog.europ-assistance.be\/nl\/mazelen-vaker-voorkomende-ziekte-europa\/#primaryimage\"},\"thumbnailUrl\":\"https:\/\/blog.europ-assistance.be\/wp-content\/uploads\/2019\/04\/Rougeole.jpg\",\"datePublished\":\"2019-04-29T06:51:06+00:00\",\"dateModified\":\"2021-08-19T13:35:25+00:00\",\"breadcrumb\":{\"@id\":\"https:\/\/blog.europ-assistance.be\/nl\/mazelen-vaker-voorkomende-ziekte-europa\/#breadcrumb\"},\"inLanguage\":\"be-NL\",\"potentialAction\":[{\"@type\":\"ReadAction\",\"target\":[\"https:\/\/blog.europ-assistance.be\/nl\/mazelen-vaker-voorkomende-ziekte-europa\/\"]}]},{\"@type\":\"ImageObject\",\"inLanguage\":\"be-NL\",\"@id\":\"https:\/\/blog.europ-assistance.be\/nl\/mazelen-vaker-voorkomende-ziekte-europa\/#primaryimage\",\"url\":\"https:\/\/blog.europ-assistance.be\/wp-content\/uploads\/2019\/04\/Rougeole.jpg\",\"contentUrl\":\"https:\/\/blog.europ-assistance.be\/wp-content\/uploads\/2019\/04\/Rougeole.jpg\",\"width\":1000,\"height\":667},{\"@type\":\"BreadcrumbList\",\"@id\":\"https:\/\/blog.europ-assistance.be\/nl\/mazelen-vaker-voorkomende-ziekte-europa\/#breadcrumb\",\"itemListElement\":[{\"@type\":\"ListItem\",\"position\":1,\"name\":\"Home\",\"item\":\"https:\/\/blog.europ-assistance.be\/nl\/\"},{\"@type\":\"ListItem\",\"position\":2,\"name\":\"Mazelen: een steeds vaker voorkomende ziekte in Europa\"}]},{\"@type\":\"WebSite\",\"@id\":\"https:\/\/blog.europ-assistance.be\/nl\/#website\",\"url\":\"https:\/\/blog.europ-assistance.be\/nl\/\",\"name\":\"Europ Assistance Blog\",\"description\":\"You live we care\",\"publisher\":{\"@id\":\"https:\/\/blog.europ-assistance.be\/nl\/#organization\"},\"potentialAction\":[{\"@type\":\"SearchAction\",\"target\":{\"@type\":\"EntryPoint\",\"urlTemplate\":\"https:\/\/blog.europ-assistance.be\/nl\/?s={search_term_string}\"},\"query-input\":{\"@type\":\"PropertyValueSpecification\",\"valueRequired\":true,\"valueName\":\"search_term_string\"}}],\"inLanguage\":\"be-NL\"},{\"@type\":\"Organization\",\"@id\":\"https:\/\/blog.europ-assistance.be\/nl\/#organization\",\"name\":\"Europ Assistance Blog\",\"url\":\"https:\/\/blog.europ-assistance.be\/nl\/\",\"logo\":{\"@type\":\"ImageObject\",\"inLanguage\":\"be-NL\",\"@id\":\"https:\/\/blog.europ-assistance.be\/nl\/#\/schema\/logo\/image\/\",\"url\":\"https:\/\/blog.europ-assistance.be\/wp-content\/uploads\/2014\/03\/europ-assistance-logo-sans-texte.jpg\",\"contentUrl\":\"https:\/\/blog.europ-assistance.be\/wp-content\/uploads\/2014\/03\/europ-assistance-logo-sans-texte.jpg\",\"width\":114,\"height\":100,\"caption\":\"Europ Assistance Blog\"},\"image\":{\"@id\":\"https:\/\/blog.europ-assistance.be\/nl\/#\/schema\/logo\/image\/\"},\"sameAs\":[\"http:\/\/www.facebook.com\/europassistance\",\"https:\/\/x.com\/EA_BEL\"]},{\"@type\":\"Person\",\"@id\":\"https:\/\/blog.europ-assistance.be\/nl\/#\/schema\/person\/ada1a6b2e86f8b76865b447214e1b496\",\"name\":\"Xavier Van Caneghem\",\"image\":{\"@type\":\"ImageObject\",\"inLanguage\":\"be-NL\",\"@id\":\"https:\/\/blog.europ-assistance.be\/nl\/#\/schema\/person\/image\/\",\"url\":\"https:\/\/secure.gravatar.com\/avatar\/85b6c4c0d31321f9f54c0d160d0ba25e63f4c2f9f3c97b344d9c857e496698fb?s=96&d=mm&r=g\",\"contentUrl\":\"https:\/\/secure.gravatar.com\/avatar\/85b6c4c0d31321f9f54c0d160d0ba25e63f4c2f9f3c97b344d9c857e496698fb?s=96&d=mm&r=g\",\"caption\":\"Xavier Van Caneghem\"},\"url\":\"https:\/\/blog.europ-assistance.be\/nl\/author\/blog-ea\/\"}]}<\/script>\n<!-- \/ Yoast SEO plugin. -->","yoast_head_json":{"title":"Mazelen: een steeds vaker voorkomende ziekte in Europa - Europ Assistance","robots":{"index":"index","follow":"follow","max-snippet":"max-snippet:-1","max-image-preview":"max-image-preview:large","max-video-preview":"max-video-preview:-1"},"canonical":"https:\/\/blog.europ-assistance.be\/nl\/mazelen-vaker-voorkomende-ziekte-europa\/","og_locale":"en_US","og_type":"article","og_title":"Mazelen: een steeds vaker voorkomende ziekte in Europa - Europ Assistance","og_description":"In de afgelopen jaren heeft de Wereldgezondheidsorganisatie (WHO) wereldwijd, maar ook in Europa, een toename vastgesteld van het aantal infecties en sterfgevallen die te wijten waren aan mazelen. Hoewel in Europa het aantal personen die tegen mazelen gevaccineerd is (dankzij preventiecampagnes en\/of een vaccinatieverplichting) zeer hoge cijfers haalt, is dit niet het geval in alle[...]","og_url":"https:\/\/blog.europ-assistance.be\/nl\/mazelen-vaker-voorkomende-ziekte-europa\/","og_site_name":"Europ Assistance","article_publisher":"http:\/\/www.facebook.com\/europassistance","article_published_time":"2019-04-29T06:51:06+00:00","article_modified_time":"2021-08-19T13:35:25+00:00","og_image":[{"width":1000,"height":667,"url":"https:\/\/blog.europ-assistance.be\/wp-content\/uploads\/2019\/04\/Rougeole.jpg","type":"image\/jpeg"}],"author":"Xavier Van Caneghem","twitter_misc":{"Written by":"Xavier Van Caneghem","Est. reading time":"3 minutes"},"schema":{"@context":"https:\/\/schema.org","@graph":[{"@type":"Article","@id":"https:\/\/blog.europ-assistance.be\/nl\/mazelen-vaker-voorkomende-ziekte-europa\/#article","isPartOf":{"@id":"https:\/\/blog.europ-assistance.be\/nl\/mazelen-vaker-voorkomende-ziekte-europa\/"},"author":{"name":"Xavier Van Caneghem","@id":"https:\/\/blog.europ-assistance.be\/nl\/#\/schema\/person\/ada1a6b2e86f8b76865b447214e1b496"},"headline":"Mazelen: een steeds vaker voorkomende ziekte in Europa","datePublished":"2019-04-29T06:51:06+00:00","dateModified":"2021-08-19T13:35:25+00:00","mainEntityOfPage":{"@id":"https:\/\/blog.europ-assistance.be\/nl\/mazelen-vaker-voorkomende-ziekte-europa\/"},"wordCount":637,"commentCount":0,"publisher":{"@id":"https:\/\/blog.europ-assistance.be\/nl\/#organization"},"image":{"@id":"https:\/\/blog.europ-assistance.be\/nl\/mazelen-vaker-voorkomende-ziekte-europa\/#primaryimage"},"thumbnailUrl":"https:\/\/blog.europ-assistance.be\/wp-content\/uploads\/2019\/04\/Rougeole.jpg","keywords":["kinderen","reizen","voyage","ziekte"],"articleSection":["Gezondheid","Kinderen","Website"],"inLanguage":"be-NL","potentialAction":[{"@type":"CommentAction","name":"Comment","target":["https:\/\/blog.europ-assistance.be\/nl\/mazelen-vaker-voorkomende-ziekte-europa\/#respond"]}]},{"@type":"WebPage","@id":"https:\/\/blog.europ-assistance.be\/nl\/mazelen-vaker-voorkomende-ziekte-europa\/","url":"https:\/\/blog.europ-assistance.be\/nl\/mazelen-vaker-voorkomende-ziekte-europa\/","name":"Mazelen: een steeds vaker voorkomende ziekte in Europa - Europ Assistance","isPartOf":{"@id":"https:\/\/blog.europ-assistance.be\/nl\/#website"},"primaryImageOfPage":{"@id":"https:\/\/blog.europ-assistance.be\/nl\/mazelen-vaker-voorkomende-ziekte-europa\/#primaryimage"},"image":{"@id":"https:\/\/blog.europ-assistance.be\/nl\/mazelen-vaker-voorkomende-ziekte-europa\/#primaryimage"},"thumbnailUrl":"https:\/\/blog.europ-assistance.be\/wp-content\/uploads\/2019\/04\/Rougeole.jpg","datePublished":"2019-04-29T06:51:06+00:00","dateModified":"2021-08-19T13:35:25+00:00","breadcrumb":{"@id":"https:\/\/blog.europ-assistance.be\/nl\/mazelen-vaker-voorkomende-ziekte-europa\/#breadcrumb"},"inLanguage":"be-NL","potentialAction":[{"@type":"ReadAction","target":["https:\/\/blog.europ-assistance.be\/nl\/mazelen-vaker-voorkomende-ziekte-europa\/"]}]},{"@type":"ImageObject","inLanguage":"be-NL","@id":"https:\/\/blog.europ-assistance.be\/nl\/mazelen-vaker-voorkomende-ziekte-europa\/#primaryimage","url":"https:\/\/blog.europ-assistance.be\/wp-content\/uploads\/2019\/04\/Rougeole.jpg","contentUrl":"https:\/\/blog.europ-assistance.be\/wp-content\/uploads\/2019\/04\/Rougeole.jpg","width":1000,"height":667},{"@type":"BreadcrumbList","@id":"https:\/\/blog.europ-assistance.be\/nl\/mazelen-vaker-voorkomende-ziekte-europa\/#breadcrumb","itemListElement":[{"@type":"ListItem","position":1,"name":"Home","item":"https:\/\/blog.europ-assistance.be\/nl\/"},{"@type":"ListItem","position":2,"name":"Mazelen: een steeds vaker voorkomende ziekte in Europa"}]},{"@type":"WebSite","@id":"https:\/\/blog.europ-assistance.be\/nl\/#website","url":"https:\/\/blog.europ-assistance.be\/nl\/","name":"Europ Assistance Blog","description":"You live we care","publisher":{"@id":"https:\/\/blog.europ-assistance.be\/nl\/#organization"},"potentialAction":[{"@type":"SearchAction","target":{"@type":"EntryPoint","urlTemplate":"https:\/\/blog.europ-assistance.be\/nl\/?s={search_term_string}"},"query-input":{"@type":"PropertyValueSpecification","valueRequired":true,"valueName":"search_term_string"}}],"inLanguage":"be-NL"},{"@type":"Organization","@id":"https:\/\/blog.europ-assistance.be\/nl\/#organization","name":"Europ Assistance Blog","url":"https:\/\/blog.europ-assistance.be\/nl\/","logo":{"@type":"ImageObject","inLanguage":"be-NL","@id":"https:\/\/blog.europ-assistance.be\/nl\/#\/schema\/logo\/image\/","url":"https:\/\/blog.europ-assistance.be\/wp-content\/uploads\/2014\/03\/europ-assistance-logo-sans-texte.jpg","contentUrl":"https:\/\/blog.europ-assistance.be\/wp-content\/uploads\/2014\/03\/europ-assistance-logo-sans-texte.jpg","width":114,"height":100,"caption":"Europ Assistance Blog"},"image":{"@id":"https:\/\/blog.europ-assistance.be\/nl\/#\/schema\/logo\/image\/"},"sameAs":["http:\/\/www.facebook.com\/europassistance","https:\/\/x.com\/EA_BEL"]},{"@type":"Person","@id":"https:\/\/blog.europ-assistance.be\/nl\/#\/schema\/person\/ada1a6b2e86f8b76865b447214e1b496","name":"Xavier Van Caneghem","image":{"@type":"ImageObject","inLanguage":"be-NL","@id":"https:\/\/blog.europ-assistance.be\/nl\/#\/schema\/person\/image\/","url":"https:\/\/secure.gravatar.com\/avatar\/85b6c4c0d31321f9f54c0d160d0ba25e63f4c2f9f3c97b344d9c857e496698fb?s=96&d=mm&r=g","contentUrl":"https:\/\/secure.gravatar.com\/avatar\/85b6c4c0d31321f9f54c0d160d0ba25e63f4c2f9f3c97b344d9c857e496698fb?s=96&d=mm&r=g","caption":"Xavier Van Caneghem"},"url":"https:\/\/blog.europ-assistance.be\/nl\/author\/blog-ea\/"}]}},"jetpack_publicize_connections":[],"jetpack_featured_media_url":"https:\/\/blog.europ-assistance.be\/wp-content\/uploads\/2019\/04\/Rougeole.jpg","jetpack_shortlink":"https:\/\/wp.me\/p6AH3U-5Z4","jetpack_sharing_enabled":true,"_links":{"self":[{"href":"https:\/\/blog.europ-assistance.be\/nl\/wp-json\/wp\/v2\/posts\/23006","targetHints":{"allow":["GET"]}}],"collection":[{"href":"https:\/\/blog.europ-assistance.be\/nl\/wp-json\/wp\/v2\/posts"}],"about":[{"href":"https:\/\/blog.europ-assistance.be\/nl\/wp-json\/wp\/v2\/types\/post"}],"author":[{"embeddable":true,"href":"https:\/\/blog.europ-assistance.be\/nl\/wp-json\/wp\/v2\/users\/6"}],"replies":[{"embeddable":true,"href":"https:\/\/blog.europ-assistance.be\/nl\/wp-json\/wp\/v2\/comments?post=23006"}],"version-history":[{"count":0,"href":"https:\/\/blog.europ-assistance.be\/nl\/wp-json\/wp\/v2\/posts\/23006\/revisions"}],"wp:featuredmedia":[{"embeddable":true,"href":"https:\/\/blog.europ-assistance.be\/nl\/wp-json\/wp\/v2\/media\/22996"}],"wp:attachment":[{"href":"https:\/\/blog.europ-assistance.be\/nl\/wp-json\/wp\/v2\/media?parent=23006"}],"wp:term":[{"taxonomy":"category","embeddable":true,"href":"https:\/\/blog.europ-assistance.be\/nl\/wp-json\/wp\/v2\/categories?post=23006"},{"taxonomy":"post_tag","embeddable":true,"href":"https:\/\/blog.europ-assistance.be\/nl\/wp-json\/wp\/v2\/tags?post=23006"}],"curies":[{"name":"wp","href":"https:\/\/api.w.org\/{rel}","templated":true}]}}